{"id":1221,"date":"2015-11-08T20:17:57","date_gmt":"2015-11-08T19:17:57","guid":{"rendered":"http:\/\/www.jochdohlen.com\/wordpress\/?p=1221"},"modified":"2015-11-10T15:35:13","modified_gmt":"2015-11-10T14:35:13","slug":"jahreshauptversammlung-2","status":"publish","type":"post","link":"https:\/\/jochdohlen.com\/?p=1221","title":{"rendered":"Jahreshauptversammlung"},"content":{"rendered":"<header>\n<h1 style=\"text-align: center;\">Jahreshauptversammlung und Jahresabschlussfeier der Stubaier Jochdohlen<\/h1>\n<\/header>\n<p style=\"text-align: center;\"><strong>in Milders, Bichlhof, am 21.11.2015 ab 19.00 Uhr<\/strong><\/p>\n<p style=\"text-align: center;\">\n<p style=\"text-align: center;\"><a href=\"https:\/\/jochdohlen.com\/wp-content\/uploads\/2015\/11\/11037070_863551690374005_6198542310892697994_n.jpg\"><img fetchpriority=\"high\" decoding=\"async\" class=\"aligncenter size-medium wp-image-1224\" src=\"https:\/\/jochdohlen.com\/wp-content\/uploads\/2015\/11\/11037070_863551690374005_6198542310892697994_n-500x500.jpg\" alt=\"11037070_863551690374005_6198542310892697994_n\" width=\"500\" height=\"500\" srcset=\"https:\/\/jochdohlen.com\/wp-content\/uploads\/2015\/11\/11037070_863551690374005_6198542310892697994_n-500x500.jpg 500w, https:\/\/jochdohlen.com\/wp-content\/uploads\/2015\/11\/11037070_863551690374005_6198542310892697994_n-150x150.jpg 150w, https:\/\/jochdohlen.com\/wp-content\/uploads\/2015\/11\/11037070_863551690374005_6198542310892697994_n-300x300.jpg 300w, https:\/\/jochdohlen.com\/wp-content\/uploads\/2015\/11\/11037070_863551690374005_6198542310892697994_n.jpg 960w\" sizes=\"(max-width: 500px) 100vw, 500px\" \/><\/a>Wir freuen uns auf ein gem\u00fctliches Beisammensein mit allen Jochdohlen und deren Partnern, am Samstag den 21.11.2014 um 19.00 Uhr, Bichlhof in Milders. Das Men\u00fc ist wieder vom Feinsten, es wird f\u00fcr alle was dabei sein!<\/p>\n<p style=\"text-align: center;\">Auch die Siegerehrung zur Clubmeisterschaft findet an diesem Abend statt wir sind alle schon gespannt wie sie dann schlussendlich ausgegangen ist.<\/p>\n<p style=\"text-align: center;\">Die neuen Clubausweise sind auch schon fertig und k\u00f6nnen gegen den Clubbeitrag f\u00fcr das Jahr 2015 ( wie schon seit langem 40 \u20ac) direkt vor Ort erworben werden. Unser Kassier freut sich \u00fcber m\u00f6glichst viele \u201d Direktzahler\u201d. Sie ersparen uns eine Menge Arbeit, Zeitaufwand und zus\u00e4tzliche Kosten.<\/p>\n<p style=\"text-align: center;\">Tragt euch diesen Tag in eure Terminkalender ein und nehmt euch Zeit f\u00fcr einen netten Abend mit Freunden\u2026<\/p>\n<p style=\"text-align: center;\">Wer nicht wei\u00df wo der Bichlhof ist und wie er hinkommt\u2026.. <a href=\"https:\/\/www.google.at\/maps\/place\/Jausenstation+Bichlhof\/@47.103758,11.27711,17z\/data=!3m1!4b1!4m2!3m1!1s0x479d47195f71e3a1:0xd6e3f937a8c4a51b?hl=de\" target=\"_blank\">hier klicken<\/a> <span style=\"color: #ff0000;\">Achtung!! der Routenplaner f\u00e4hrt \u00fcber die Berge!! Nehmt bitte den kurzen Weg \u00fcber Milders;-) <span style=\"color: #000000;\">Bei Schneefahrbahn treffen wir uns um 18:45 beim Parkplatz Wasserkraftwerk, direkt bei der Weggabelung zum Bichlhof. Ca. 10 min Fu\u00dfmarsch.<\/span><br \/>\n<\/span><\/p>\n","protected":false},"excerpt":{"rendered":"<p>Jahreshauptversammlung und Jahresabschlussfeier der Stubaier Jochdohlen in Milders, Bichlhof, am 21.11.2015 ab 19.00 Uhr Wir freuen uns auf ein gem\u00fctliches Beisammensein mit allen Jochdohlen und deren Partnern, am Samstag den &#8230; <a title=\"Jahreshauptversammlung\" class=\"read-more\" href=\"https:\/\/jochdohlen.com\/?p=1221\" aria-label=\"Mehr Informationen \u00fcber Jahreshauptversammlung\">Weiterlesen<\/a><\/p>\n","protected":false},"author":2,"featured_media":0,"comment_status":"closed","ping_status":"open","sticky":false,"template":"","format":"standard","meta":{"footnotes":""},"categories":[1],"tags":[],"class_list":["post-1221","post","type-post","status-publish","format-standard","hentry","category-allgemein"],"_links":{"self":[{"href":"https:\/\/jochdohlen.com\/index.php?rest_route=\/wp\/v2\/posts\/1221","targetHints":{"allow":["GET"]}}],"collection":[{"href":"https:\/\/jochdohlen.com\/index.php?rest_route=\/wp\/v2\/posts"}],"about":[{"href":"https:\/\/jochdohlen.com\/index.php?rest_route=\/wp\/v2\/types\/post"}],"author":[{"embeddable":true,"href":"https:\/\/jochdohlen.com\/index.php?rest_route=\/wp\/v2\/users\/2"}],"replies":[{"embeddable":true,"href":"https:\/\/jochdohlen.com\/index.php?rest_route=%2Fwp%2Fv2%2Fcomments&post=1221"}],"version-history":[{"count":3,"href":"https:\/\/jochdohlen.com\/index.php?rest_route=\/wp\/v2\/posts\/1221\/revisions"}],"predecessor-version":[{"id":1225,"href":"https:\/\/jochdohlen.com\/index.php?rest_route=\/wp\/v2\/posts\/1221\/revisions\/1225"}],"wp:attachment":[{"href":"https:\/\/jochdohlen.com\/index.php?rest_route=%2Fwp%2Fv2%2Fmedia&parent=1221"}],"wp:term":[{"taxonomy":"category","embeddable":true,"href":"https:\/\/jochdohlen.com\/index.php?rest_route=%2Fwp%2Fv2%2Fcategories&post=1221"},{"taxonomy":"post_tag","embeddable":true,"href":"https:\/\/jochdohlen.com\/index.php?rest_route=%2Fwp%2Fv2%2Ftags&post=1221"}],"curies":[{"name":"wp","href":"https:\/\/api.w.org\/{rel}","templated":true}]}}