{"id":1725,"date":"2017-09-06T19:03:27","date_gmt":"2017-09-06T18:03:27","guid":{"rendered":"http:\/\/www.jochdohlen.com\/wordpress\/?p=1725"},"modified":"2017-09-20T20:20:10","modified_gmt":"2017-09-20T19:20:10","slug":"jubilaeum-30-jahre-stubaier-jochdohlen","status":"publish","type":"post","link":"https:\/\/jochdohlen.com\/?p=1725","title":{"rendered":"Jubil\u00e4um &#8211; 30 Jahre Stubaier Jochdohlen &#8211; Jubil\u00e4um"},"content":{"rendered":"<div id=\"pl-1725\"  class=\"panel-layout\" >\n<div id=\"pg-1725-0\"  class=\"panel-grid panel-no-style\" >\n<div id=\"pgc-1725-0-0\"  class=\"panel-grid-cell\"  data-weight=\"1\" >\n<div id=\"panel-1725-0-0-0\" class=\"so-panel widget widget_sow-editor panel-first-child panel-last-child\" data-index=\"0\" data-style=\"{&quot;background_display&quot;:&quot;tile&quot;}\" >\n<div class=\"so-widget-sow-editor so-widget-sow-editor-base\">\n<div class=\"siteorigin-widget-tinymce textwidget\">\n<p style=\"text-align: center;\"><span style=\"font-size: 18pt;\">30 Jahr Jubil\u00e4um mit Veteranentreffen und Serlescup!<\/span><br \/> <span style=\"font-size: 18pt;\"><span style=\"font-size: 24pt;\">auf den 23.09.2017 verschoben!<\/span><br \/> <span style=\"font-size: 14pt;\">Alle Mitglieder, ehemaligen Mitglieder mit Familien sind herzlich willkommen!<\/span><\/span><\/p>\n<p>Treffpunkt f\u00fcr alle Nichtflieger: ab 14:00 am Landeplatz Fulpmes<br \/> Treffpunkt f\u00fcr alle aktiven Piloten: 09:00 am LP Fulpmes zur Anmeldung zum Serlescup<\/p>\n<p>Abfahrt f\u00fcr alle Drachenflieger die einen Drachentransport ben\u00f6tigen: 10:00 LP<br \/> Nenngeld Paragleiter\/Drachenflieger: \u20ac10,-\u00a0\u00a0\u00a0\u00a0\u00a0\u00a0\u00a0\u00a0\u00a0 \u00a0 \u00a0 \u00a0\u00a0 \u00a0 \u00a0 inkl. Essen und einem Getr\u00e4nk!<br \/> Nenngeld mit Drachentransport: \u20ac20,-<\/p>\n<p><strong>Der Serlescup ist ein Fun Bewerb, bei dem es darum geht, die Serles so fr\u00fch (Tageszeit) wie m\u00f6glich zu umrunden. Wertvolle Preise warten auf dich!<\/strong><\/p>\n<\/div>\n<\/div>\n<\/div>\n<\/div>\n<\/div>\n<div id=\"pg-1725-1\"  class=\"panel-grid panel-no-style\"  data-style=\"{&quot;background_display&quot;:&quot;tile&quot;,&quot;cell_alignment&quot;:&quot;flex-start&quot;}\" >\n<div id=\"pgc-1725-1-0\"  class=\"panel-grid-cell\"  data-weight=\"1\" >\n<div id=\"panel-1725-1-0-0\" class=\"so-panel widget widget_sow-image panel-first-child panel-last-child\" data-index=\"1\" data-style=\"{&quot;background_image_attachment&quot;:false,&quot;background_display&quot;:&quot;tile&quot;}\" >\n<div class=\"so-widget-sow-image so-widget-sow-image-default-eef982a7180b\">\n<div class=\"sow-image-container\">\n\t<img decoding=\"async\" src=\"https:\/\/jochdohlen.com\/wp-content\/uploads\/2015\/08\/sun-151763_640.png\" width=\"182\" height=\"182\" srcset=\"https:\/\/jochdohlen.com\/wp-content\/uploads\/2015\/08\/sun-151763_640.png 640w, https:\/\/jochdohlen.com\/wp-content\/uploads\/2015\/08\/sun-151763_640-150x150.png 150w, https:\/\/jochdohlen.com\/wp-content\/uploads\/2015\/08\/sun-151763_640-500x500.png 500w, https:\/\/jochdohlen.com\/wp-content\/uploads\/2015\/08\/sun-151763_640-300x300.png 300w\" sizes=\"(max-width: 182px) 100vw, 182px\" title=\"Flugwetter!!!\" \t\tclass=\"so-widget-image\"\/>\n<\/div>\n<\/div>\n<\/div>\n<\/div>\n<\/div>\n<div id=\"pg-1725-2\"  class=\"panel-grid panel-no-style\"  data-style=\"{&quot;background_display&quot;:&quot;tile&quot;}\" >\n<div id=\"pgc-1725-2-0\"  class=\"panel-grid-cell\"  data-weight=\"0.5\" >\n<div id=\"panel-1725-2-0-0\" class=\"so-panel widget widget_sow-image panel-first-child panel-last-child\" data-index=\"2\" data-style=\"{&quot;background_display&quot;:&quot;tile&quot;}\" >\n<div class=\"so-widget-sow-image so-widget-sow-image-default-813df796d9b1\">\n<div class=\"sow-image-container\">\n\t<img fetchpriority=\"high\" decoding=\"async\" src=\"https:\/\/jochdohlen.com\/wp-content\/uploads\/2017\/09\/Drachiler.jpg\" width=\"450\" height=\"309\" srcset=\"https:\/\/jochdohlen.com\/wp-content\/uploads\/2017\/09\/Drachiler.jpg 450w, https:\/\/jochdohlen.com\/wp-content\/uploads\/2017\/09\/Drachiler-437x300.jpg 437w\" sizes=\"(max-width: 450px) 100vw, 450px\" \t\tclass=\"so-widget-image\"\/>\n<\/div>\n<\/div>\n<\/div>\n<\/div>\n<div id=\"pgc-1725-2-1\"  class=\"panel-grid-cell\"  data-weight=\"0.5\" >\n<div id=\"panel-1725-2-1-0\" class=\"so-panel widget widget_sow-image panel-first-child panel-last-child\" data-index=\"3\" data-style=\"{&quot;background_display&quot;:&quot;tile&quot;}\" >\n<div class=\"so-widget-sow-image so-widget-sow-image-default-813df796d9b1\">\n<div class=\"sow-image-container\">\n\t<img decoding=\"async\" src=\"https:\/\/jochdohlen.com\/wp-content\/uploads\/2017\/09\/Florl.jpg\" width=\"1200\" height=\"829\" srcset=\"https:\/\/jochdohlen.com\/wp-content\/uploads\/2017\/09\/Florl.jpg 1200w, https:\/\/jochdohlen.com\/wp-content\/uploads\/2017\/09\/Florl-500x345.jpg 500w, https:\/\/jochdohlen.com\/wp-content\/uploads\/2017\/09\/Florl-768x531.jpg 768w, https:\/\/jochdohlen.com\/wp-content\/uploads\/2017\/09\/Florl-1024x707.jpg 1024w, https:\/\/jochdohlen.com\/wp-content\/uploads\/2017\/09\/Florl-434x300.jpg 434w\" sizes=\"(max-width: 1200px) 100vw, 1200px\" \t\tclass=\"so-widget-image\"\/>\n<\/div>\n<\/div>\n<\/div>\n<\/div>\n<\/div>\n<\/div>\n","protected":false},"excerpt":{"rendered":"<p>30 Jahr Jubil\u00e4um mit Veteranentreffen und Serlescup! auf den 23.09.2017 verschoben! Alle Mitglieder, ehemaligen Mitglieder mit Familien sind herzlich willkommen! Treffpunkt f\u00fcr alle Nichtflieger: ab 14:00 am Landeplatz Fulpmes Treffpunkt &#8230; <a title=\"Jubil\u00e4um &#8211; 30 Jahre Stubaier Jochdohlen &#8211; Jubil\u00e4um\" class=\"read-more\" href=\"https:\/\/jochdohlen.com\/?p=1725\" aria-label=\"Mehr Informationen \u00fcber Jubil\u00e4um &#8211; 30 Jahre Stubaier Jochdohlen &#8211; Jubil\u00e4um\">Weiterlesen<\/a><\/p>\n","protected":false},"author":2,"featured_media":0,"comment_status":"closed","ping_status":"open","sticky":false,"template":"","format":"standard","meta":{"footnotes":""},"categories":[1],"tags":[],"class_list":["post-1725","post","type-post","status-publish","format-standard","hentry","category-allgemein"],"_links":{"self":[{"href":"https:\/\/jochdohlen.com\/index.php?rest_route=\/wp\/v2\/posts\/1725","targetHints":{"allow":["GET"]}}],"collection":[{"href":"https:\/\/jochdohlen.com\/index.php?rest_route=\/wp\/v2\/posts"}],"about":[{"href":"https:\/\/jochdohlen.com\/index.php?rest_route=\/wp\/v2\/types\/post"}],"author":[{"embeddable":true,"href":"https:\/\/jochdohlen.com\/index.php?rest_route=\/wp\/v2\/users\/2"}],"replies":[{"embeddable":true,"href":"https:\/\/jochdohlen.com\/index.php?rest_route=%2Fwp%2Fv2%2Fcomments&post=1725"}],"version-history":[{"count":10,"href":"https:\/\/jochdohlen.com\/index.php?rest_route=\/wp\/v2\/posts\/1725\/revisions"}],"predecessor-version":[{"id":1760,"href":"https:\/\/jochdohlen.com\/index.php?rest_route=\/wp\/v2\/posts\/1725\/revisions\/1760"}],"wp:attachment":[{"href":"https:\/\/jochdohlen.com\/index.php?rest_route=%2Fwp%2Fv2%2Fmedia&parent=1725"}],"wp:term":[{"taxonomy":"category","embeddable":true,"href":"https:\/\/jochdohlen.com\/index.php?rest_route=%2Fwp%2Fv2%2Fcategories&post=1725"},{"taxonomy":"post_tag","embeddable":true,"href":"https:\/\/jochdohlen.com\/index.php?rest_route=%2Fwp%2Fv2%2Ftags&post=1725"}],"curies":[{"name":"wp","href":"https:\/\/api.w.org\/{rel}","templated":true}]}}