{"id":365,"date":"2013-11-04T09:36:02","date_gmt":"2013-11-04T08:36:02","guid":{"rendered":"http:\/\/www.jochdohlen.com\/wordpress\/?p=365"},"modified":"2013-11-04T09:51:14","modified_gmt":"2013-11-04T08:51:14","slug":"generalversammlung","status":"publish","type":"post","link":"https:\/\/jochdohlen.com\/?p=365","title":{"rendered":"Generalversammlung"},"content":{"rendered":"<header>\n<h1 style=\"text-align: left;\">Generalversammlung mit Neuwahlen und Jahresabschlussfeier der Stubaier Jochdohlen<\/h1>\n<\/header>\n<p><strong>in Falbeson auf der Doadleralm, am 23.11.2013 ab 19.00 Uhr<\/strong><\/p>\n<p><a href=\"https:\/\/jochdohlen.com\/wp-content\/uploads\/2012\/11\/doadler_alm.jpg\"><img fetchpriority=\"high\" decoding=\"async\" title=\"...hosted by www.geotrace.net\" alt=\"\" src=\"https:\/\/jochdohlen.com\/wp-content\/uploads\/2012\/11\/doadler_alm.jpg\" width=\"450\" height=\"252\" \/><\/a><\/p>\n<p>Heuer finden die Neuwahl unseres Vostands statt.<br \/>\nAber keine Angst, wir haben f\u00fcr alle wichtigen Posten schon Mitglieder gefunden, die gerne eine Aufgabe \u00fcbernehmen w\u00fcrden.<br \/>\nJeder kann sich noch gerne melden, wenn man eine Aufgabe im Club ausf\u00fchren m\u00f6chte.<br \/>\nWer letztendlich ein Amt bekommt, wird am Abend bei der Wahl entschieden.<\/p>\n<p>Wir freuen uns auf ein gem\u00fctliches Beisammensein mit allen Jochdohlen und deren Partnern, am Samstag den 23.11.2013 um 19.00 Uhr in der Doadleralm in Falbeson, wo wir auch letztes Jahr so gut versorgt worden sind. Das Men\u00fc ist wieder vom Feinsten , nur kurz erw\u00e4hnt: es kocht wieder der Chef pers\u00f6nlich f\u00fcr uns.<\/p>\n<p>Auch die Siegerehrung zur Clubmeisterschaft findet an diesem Abend statt\u2026wir sind alle schon gespannt wie sie dann schlussendlich ausgegangen ist \u2026<\/p>\n<p>Die neuen Clubausweise sind auch schon fertig und k\u00f6nnen gegen den Clubbeitrag f\u00fcr das Jahr 2014 ( wie schon seit langem 40 \u20ac) direkt vor Ort erworben werden\u2026\u2026. unser Kassier freut sich \u00fcber m\u00f6glichst viele \u201d Direktzahler\u201d. Sie ersparen uns eine Menge Arbeit, Zeitaufwand und zus\u00e4tzliche Kosten.<\/p>\n<p>Tragt euch diesen Tag in eure Terminkalender ein und nehmt euch Zeit f\u00fcr einen netten Abend mit Freunden\u2026<\/p>\n<p>Wer nicht wei\u00df wo die Doadleralm ist und wie er hinkommt\u2026.. <a title=\"Lageplan und Anfahrt\" href=\"http:\/\/www.doadlerhof.at\/lageplan-routenplaner-zur_Doadleralm\" target=\"_blank\">hier klicken<\/a><\/p>\n","protected":false},"excerpt":{"rendered":"<p>Generalversammlung mit Neuwahlen und Jahresabschlussfeier der Stubaier Jochdohlen in Falbeson auf der Doadleralm, am 23.11.2013 ab 19.00 Uhr Heuer finden die Neuwahl unseres Vostands statt. Aber keine Angst, wir haben &#8230; <a title=\"Generalversammlung\" class=\"read-more\" href=\"https:\/\/jochdohlen.com\/?p=365\" aria-label=\"Mehr Informationen \u00fcber Generalversammlung\">Weiterlesen<\/a><\/p>\n","protected":false},"author":1,"featured_media":0,"comment_status":"closed","ping_status":"open","sticky":false,"template":"","format":"standard","meta":{"footnotes":""},"categories":[1],"tags":[],"class_list":["post-365","post","type-post","status-publish","format-standard","hentry","category-allgemein"],"_links":{"self":[{"href":"https:\/\/jochdohlen.com\/index.php?rest_route=\/wp\/v2\/posts\/365","targetHints":{"allow":["GET"]}}],"collection":[{"href":"https:\/\/jochdohlen.com\/index.php?rest_route=\/wp\/v2\/posts"}],"about":[{"href":"https:\/\/jochdohlen.com\/index.php?rest_route=\/wp\/v2\/types\/post"}],"author":[{"embeddable":true,"href":"https:\/\/jochdohlen.com\/index.php?rest_route=\/wp\/v2\/users\/1"}],"replies":[{"embeddable":true,"href":"https:\/\/jochdohlen.com\/index.php?rest_route=%2Fwp%2Fv2%2Fcomments&post=365"}],"version-history":[{"count":5,"href":"https:\/\/jochdohlen.com\/index.php?rest_route=\/wp\/v2\/posts\/365\/revisions"}],"predecessor-version":[{"id":372,"href":"https:\/\/jochdohlen.com\/index.php?rest_route=\/wp\/v2\/posts\/365\/revisions\/372"}],"wp:attachment":[{"href":"https:\/\/jochdohlen.com\/index.php?rest_route=%2Fwp%2Fv2%2Fmedia&parent=365"}],"wp:term":[{"taxonomy":"category","embeddable":true,"href":"https:\/\/jochdohlen.com\/index.php?rest_route=%2Fwp%2Fv2%2Fcategories&post=365"},{"taxonomy":"post_tag","embeddable":true,"href":"https:\/\/jochdohlen.com\/index.php?rest_route=%2Fwp%2Fv2%2Ftags&post=365"}],"curies":[{"name":"wp","href":"https:\/\/api.w.org\/{rel}","templated":true}]}}